{"id":1043,"date":"2023-05-22T09:20:07","date_gmt":"2023-05-22T09:20:07","guid":{"rendered":"https:\/\/www.viptechjob.eu\/?p=1043"},"modified":"2023-05-30T09:26:42","modified_gmt":"2023-05-30T09:26:42","slug":"vtj2-boletin-vol-5","status":"publish","type":"post","link":"https:\/\/www.viptechjob.eu\/index.php\/2023\/05\/22\/vtj2-boletin-vol-5\/","title":{"rendered":"VTJ2 Bolet\u00edn vol.5"},"content":{"rendered":"\n<p><strong>El proyecto &#8220;VIP-Tech-Job: Time 2 Act!&#8221; ha llegado a su fin<\/strong><\/p>\n\n\n\n<p>\u00a1Bienvenidos a nuestro \u00faltimo bolet\u00edn sobre el VIP-Tech-Job: \u00a1Hora de Actuar 2! (VTJ2)! Tras dos a\u00f1os de intenso trabajo con una entusiasta comunidad de j\u00f3venes con discapacidad visual, educadores y formadores, por fin podemos compartir el acceso completo a todos los resultados y m\u00e9todos del proyecto. Estas herramientas pueden ser utilizadas por instituciones educativas y lugares de trabajo para la contrataci\u00f3n e inclusi\u00f3n laboral de j\u00f3venes con discapacidad visual en igualdad de condiciones que sus hom\u00f3logos videntes.<br>Durante los \u00faltimos meses del proyecto, el consorcio llev\u00f3 a cabo actos locales e internacionales para difundir y promover las versiones completas y accesibles de todos los resultados del proyecto VTJ2 y de su predecesor VIP-TECH-JOB. Los socios seguir\u00e1n trabajando con las personas interesadas para garantizar la sostenibilidad y el uso de todos los resultados del proyecto.<\/p>\n\n\n\n<p><strong>VTJ2 en el Parlamento Europeo<\/strong><\/p>\n\n\n\n<p>El 9 de marzo, los socios del proyecto, j\u00f3venes con discapacidad visual, eurodiputados con su respectivo personal y partes interesadas internacionales se reunieron en el Parlamento Europeo en Bruselas. En este acto, el consorcio present\u00f3 y debati\u00f3 los logros del proyecto. Asimismo, los participantes del proyecto compartieron experiencias y manifestaron los problemas que siguen existiendo a escala nacional y europea. El acto fue un \u00e9xito, ya que sirvi\u00f3 de plataforma para promover un di\u00e1logo estructurado y buenas pr\u00e1cticas entre todos los participantes y ponentes.<br><br>El consorcio VTJ2 da las gracias a todos los invitados y al p\u00fablico por honrarnos con su presencia en la conferencia.<\/p>\n\n\n\n<figure class=\"wp-block-image\"><img decoding=\"async\" src=\"https:\/\/lh5.googleusercontent.com\/MqdQ-L8pKywSJBoA8r1B4dWfEWT3rJ1VTzlTenWGvc-eHEjRfSo_7O7Va3XLwlIjQqljfiDXO-VQRyKVF5HArn6xzIMZ-eYYEKPuF7AOIWNW4IONliVrtcd_pGOq63xbkniLCJ-DmgHdv0vUsagZ-Q=s2048\" alt=\": The VTJ2 partners\u2019 representatives sitting at the speakers panel during the project\u2019s International Multiplier Event (BE)\"\/><figcaption class=\"wp-element-caption\"><em>Los representantes de los socios del VTJ2 sentados en el panel de oradores durante el Evento Multiplicador Internacional del proyecto (BE)<\/em><\/figcaption><\/figure>\n\n\n\n<p>Al mismo tiempo, queremos expresar nuestra gratitud a:<\/p>\n\n\n\n<ul class=\"wp-block-list\">\n<li>La eurodiputada Monica Semedo por patrocinar el acto<\/li>\n\n\n\n<li>El Director de Comunicaciones de la eurodiputada Semedo, el Sr. Matthieu Meunissier, \n<ul class=\"wp-block-list\">\n<li>por su constante apoyo pr\u00e1ctico antes y durante la conferencia<\/li>\n<\/ul>\n<\/li>\n\n\n\n<li>Eurodiputado Stelios Kympouropoulos, Miembro del<br>Comit\u00e9 EMPL<\/li>\n\n\n\n<li>Sra. Dovile Juodkaite, Presidenta del Foro Lituano de la<br>Discapacidad y miembro de la Junta Directiva del Foro Europeo de la Discapacidad<\/li>\n\n\n\n<li>Sra. Francesca Sebasta, participante en VTJ2 LTTA y voluntaria ESC en VIEWS International asbl<\/li>\n\n\n\n<li>Sra. Vasiliki Ago, participante en VTJ2 LTTA<\/li>\n\n\n\n<li>Sra. B\u00e1rbara Mart\u00edn Mu\u00f1oz, Vicepresidenta de la Uni\u00f3n Europea de Ciegos\n<ul class=\"wp-block-list\">\n<li>por su participaci\u00f3n y aportaci\u00f3n crucial durante la mesa redonda<\/li>\n<\/ul>\n<\/li>\n\n\n\n<li>Dr. Tom\u00e1s Quirosa, Doctor en Psicolog\u00eda Cl\u00ednica especializado en Recursos Humanos\n<ul class=\"wp-block-list\">\n<li>por su moderaci\u00f3n de la mesa redonda<\/li>\n<\/ul>\n<\/li>\n<\/ul>\n\n\n\n<figure class=\"wp-block-image\"><img decoding=\"async\" src=\"https:\/\/lh6.googleusercontent.com\/BRSUIzZUQitMhcAlPuXObjdI7Oi2R85D9TD3wpEfga3Cj2BsDicJ6IiJArhbLDePvDQFdfvDIVPLxWZjnazdXx6xgwIiSnN2KMZXN5LHPmCkVfoIz7qu3089U2i4EmfnD7MQnNfmcPe9lk4N4QAkaQ=s2048\" alt=\"The VTJ2 guest speakers sitting at the speakers panel during the project\u2019s International Multiplier Event (BE)\n\"\/><figcaption class=\"wp-element-caption\"><em>Los ponentes invitados del VTJ2 sentados en el panel de oradores durante el Evento Multiplicador Internacional del proyecto (BE)<\/em><\/figcaption><\/figure>\n\n\n\n<p><strong>Reuni\u00f3n final de socios en Lieja<\/strong><\/p>\n\n\n\n<p>El 8 de marzo, los socios de VTJ2 celebraron su \u00faltima reuni\u00f3n en los locales de la Asociaci\u00f3n La Lumi\u00e8re, nuestro socio asociado en Lieja. Los socios conocieron el excelente trabajo y los servicios de La Lumi\u00e8re participando en una visita guiada. Despu\u00e9s, los socios revisaron el estado final de los resultados del proyecto, y decidieron los pasos y plazos futuros.<\/p>\n\n\n\n<p>Los temas clave de la reuni\u00f3n fueron:<\/p>\n\n\n\n<ul class=\"wp-block-list\">\n<li>Conclusi\u00f3n de todas las actividades del proyecto<\/li>\n\n\n\n<li>Preparaci\u00f3n del informe final<\/li>\n\n\n\n<li>Seguimiento de todos los indicadores relacionados con el proyecto VTJ2<\/li>\n<\/ul>\n\n\n\n<p>Por \u00faltimo, los socios del proyecto debatieron las posibilidades de llevar a cabo actividades para aprovechar los resultados de los proyectos VTJ2, con especial atenci\u00f3n a la mejora del acceso universal de las personas con discapacidad visual en distintos \u00e1mbitos y al fomento de sus oportunidades de empleo.<\/p>\n\n\n\n<figure class=\"wp-block-image\"><img decoding=\"async\" src=\"https:\/\/lh4.googleusercontent.com\/HxL_JMih8ufZoHNVzT6X8zLOXinJoq2Kmxy_fN3HlgFprJXEykKFL_wRnGW8_PDrcDTn0at1--aNEQpwmv993VafiAe_CrGjjmtYpaA_w9lFN0BIMwYVRgaKsvjk6z64Euptc5RiWFl5_GikfclH-w=s2048\" alt=\"The VTJ2 partners\u2019 representatives sitting at conference room of La Lumiere during the final transnational partners\u2019 meeting (BE)\n\"\/><figcaption class=\"wp-element-caption\"><em>Los representantes de los socios del VTJ2 sentados en la sala de conferencias de La Lumiere durante la reuni\u00f3n final de socios transnacionales (BE)<\/em><\/figcaption><\/figure>\n\n\n\n<p><strong>Eventos multiplicadores en Italia, Espa\u00f1a y Grecia<\/strong><\/p>\n\n\n\n<p>Adem\u00e1s del Acto Multiplicador de Bruselas, las organizaciones de Italia, Espa\u00f1a y Grecia tambi\u00e9n celebraron actos locales:<br><br>El socio italiano organiz\u00f3 su Evento Multiplicador el 23 de febrero en los locales de AFORISMA en Pisa (Italia). El acto reuni\u00f3 a varios invitados procedentes de los servicios locales de empleo, representantes de partidos pol\u00edticos locales y de la administraci\u00f3n regional. Adem\u00e1s, organizaciones relacionadas con los sectores de la juventud y la discapacidad y participantes individuales se unieron con entusiasmo a la actividad de difusi\u00f3n. Durante la presentaci\u00f3n, AFORISMA mostr\u00f3 un v\u00eddeo que recog\u00eda las experiencias desde los ojos de los participantes italianos de la LTTA en Granada. Tras el v\u00eddeo, los organizadores recibieron comentarios positivos sobre las iniciativas VTJ2 que permitieron a los participantes con discapacidad visual viajar y experimentar una valiosa formaci\u00f3n en el extranjero. El p\u00fablico en general se mostr\u00f3 entusiasmado con las actividades del proyecto y los resultados conseguidos durante la vida de la VTJ2. Al final del acto, el p\u00fablico expres\u00f3 su voluntad de transmitir los resultados del proyecto a sus conocidos<\/p>\n\n\n\n<figure class=\"wp-block-image\"><img decoding=\"async\" src=\"https:\/\/lh4.googleusercontent.com\/9PU_kzpT6KimU5Icaxv9iiaShjZBQS6RFy4CUyuvgHY4bp07oAQoJEwSjCIj0SWjBdoh5eAHQ_Udoi7xkMFELha2d8qUADBkGxDcAbYjpSe89MaLH9tjeNetZJTr1xjQF6TQJocRpnKgsTa-zC3Vng=s2048\" alt=\"Participants at the VTJ2 Multiplier Event in Thessaloniki (GR)\n\"\/><figcaption class=\"wp-element-caption\"><em>Participantes en el Evento Multiplicador VTJ2 en Sal\u00f3nica (GR)<\/em><\/figcaption><\/figure>\n\n\n\n<p>El socio griego, DAFNI KEK, celebr\u00f3 su Acto Multiplicador el 6 de marzo en Tesal\u00f3nica ya que es la ciudad m\u00e1s accesible de Grecia, y en ella viven y trabajan la mayor\u00eda de los j\u00f3venes con discapacidad visual. A pesar del escaso acceso al empleo y a las pr\u00e1cticas, cuenta con numerosas iniciativas educativas inclusivas. El acto se celebr\u00f3 en la Escuela de Ciegos del Servicio Regional del Centro de Rehabilitaci\u00f3n de Ciegos. A la actividad de difusi\u00f3n se sumaron personas con discapacidad visual, educadores de centros de formaci\u00f3n profesional de educaci\u00f3n especial y representantes de asociaciones de ciegos locales, regionales y nacionales. El debate que surgi\u00f3 de la presentaci\u00f3n del proyecto y sus resultados fue muy interesante e intenso. Afloraron muchas experiencias relevantes de todos los participantes y sugerencias para futuras intervenciones.<\/p>\n\n\n\n<figure class=\"wp-block-image is-resized\"><img fetchpriority=\"high\" decoding=\"async\" src=\"https:\/\/lh6.googleusercontent.com\/HiQPwzQ6MyAKKqfVKKbJsyHWMfu75uCkBnDTkopQoxOpng_EkEObgRADiBoUocCypnS-6C8bv-XWPWdkA-TFcMG5IRwWth7db-gGlXUK1wF2x0hlUziN7KAHjSlkc3kgWWbMT95Wmk-ecOTWRHP3Yg=s2048\" alt=\"Participants at the VTJ2 Multiplier Event in Granada (ES)\" width=\"840\" height=\"631\"\/><figcaption class=\"wp-element-caption\"><em>Participantes en el Evento Multiplicador VTJ2 en Granada (ES)<\/em><\/figcaption><\/figure>\n\n\n\n<p>El socio espa\u00f1ol, DOCETE OMNES, celebr\u00f3 su Evento Multiplicador el 13 de marzo en Granada. Para la preparaci\u00f3n del evento se seleccion\u00f3 a dos expertos en el \u00e1mbito de la integraci\u00f3n laboral y la accesibilidad de las personas con discapacidad visual, Sandra Fern\u00e1ndez y Antonio Tejada, que expusieron sus experiencias y compartieron datos y casos reales para ofrecer una perspectiva m\u00e1s amplia de la realidad de las personas con discapacidad. El evento se difundi\u00f3 a trav\u00e9s de varias organizaciones e instituciones relacionadas con la discapacidad y la inclusi\u00f3n, as\u00ed como de empresas de inserci\u00f3n laboral. Los destinatarios fueron profesores y alumnos de FP de T\u00e9cnico Superior en Animaci\u00f3n Sociocultural y T\u00e9cnico Superior en Integraci\u00f3n Social. La actividad se llev\u00f3 a cabo con \u00e9xito, ya que el equipo super\u00f3 el principal reto de implicar y llegar a los actores m\u00e1s relevantes para la difusi\u00f3n del proyecto. Los participantes se mostraron interesados en utilizar las herramientas del proyecto en su trabajo diario o futuro para convertirse en embajadores de la diversidad. Durante el acto, se debatieron varios temas relacionados con la inclusi\u00f3n de las personas con discapacidad visual, lo que gener\u00f3 un gran inter\u00e9s entre los participantes que expresaron una opini\u00f3n positiva sobre las herramientas del proyecto.<\/p>\n\n\n\n<p><strong>Una revisi\u00f3n de los resultados del proyecto<\/strong><\/p>\n\n\n\n<p>El proyecto VTJ2 se desarroll\u00f3 como respuesta a las estad\u00edsticas oficiales que muestran que la gran mayor\u00eda de los j\u00f3venes y adultos con discapacidad visual quedan fuera de los sectores laborales a pesar de sus esfuerzos, habilidades y competencias para encontrar trabajo, ya que la mayor\u00eda de los empresarios desconocen sus capacidades y conocimientos adquiridos. Adem\u00e1s, existe una necesidad expresa de que los j\u00f3venes con discapacidad visual encuentren un empleo real y de larga duraci\u00f3n, de co-crear lugares de trabajo universalmente accesibles y de participar activamente en la sociedad.<br>Por esta raz\u00f3n, el consorcio VTJ2 se bas\u00f3 en los resultados del primer proyecto VIP-TECH-JOB introduciendo una serie de herramientas y recursos que ayudaron a aumentar la concienciaci\u00f3n reuniendo las voces, experiencias y opiniones de los j\u00f3venes con discapacidad. A trav\u00e9s de consejos y orientaciones para los lugares de trabajo, fue posible promover ajustes razonables para apoyar la participaci\u00f3n de los trabajadoras con discapacidad visual, al tiempo que se les proporcionaba amplia informaci\u00f3n sobre legislaci\u00f3n y disposiciones estatales \u00fatiles.<br>Los resultados del proyecto ya est\u00e1n totalmente disponibles y se puede acceder a ellos directamente a trav\u00e9s del sitio web del proyecto: <a href=\"http:\/\/www.viptechjob.eu\/\">www.viptechjob.eu<\/a>.<br>Los resultados en pocas palabras:<\/p>\n\n\n\n<ul class=\"wp-block-list\">\n<li><strong>Plataforma How-To:<\/strong> Una serie de mini cursos dirigidos a j\u00f3venes con discapacidad y asesores para proporcionarles informaci\u00f3n \u00fatil sobre c\u00f3mo dirigirse a posibles empleadores, prepararse para una entrevista de trabajo, y conocer sus derechos y responsabilidades ante nuevas oportunidades <strong><em>parte de los resultados de VIP-TECH-JOB<\/em><\/strong><\/li>\n\n\n\n<li><strong>Aplicaci\u00f3n Web:<\/strong> Una aplicaci\u00f3n web en l\u00ednea dirigida a solicitantes de empleo y empresarios. Proporciona un espacio para anunciar puestos vacantes, facilitar la b\u00fasqueda, la interacci\u00f3n y herramientas accesibles para que los demandantes de empleo creen sus CV y cartas de motivaci\u00f3n. Esta herramienta mantiene un registro de las interacciones para futuras referencias <strong><em>parte de los resultados de VIP-TECH-JOB<\/em><\/strong><\/li>\n\n\n\n<li><strong>Caja de herramientas de accesibilidad:<\/strong> Un curr\u00edculo educativo completo, acompa\u00f1ado de gu\u00edas pr\u00e1cticas dirigidas a formadores\/educadores, empresarios\/contratadores y j\u00f3venes con discapacidad visual que buscan empleo. Su objetivo es apoyar el uso eficaz de los resultados de VIP-TECH-JOB\/VTJ2, trabajar las pr\u00e1cticas de b\u00fasqueda de empleo y familiarizarse con las legislaciones nacionales y europeas que facilitan el acceso al empleo. Tambi\u00e9n es \u00fatil para comprender conceptos y pr\u00e1cticas b\u00e1sicas para hacer que los lugares de trabajo (y no s\u00f3lo ellos) sean universalmente accesibles e inclusivos <strong><em>parte de los resultados del VTJ2<\/em><\/strong><\/li>\n\n\n\n<li><strong>Podcast:<\/strong> Una serie de episodios relacionados con la preparaci\u00f3n para la b\u00fasqueda de empleo y el mercado laboral. A trav\u00e9s de varias entrevistas con diversas personalidades, los oyentes pueden conocer sus experiencias personales y profesionales. Adem\u00e1s, hablan de accesibilidad y desarrollo tecnol\u00f3gico, y expresan sus expectativas, deseos y anhelos para el futuro <strong><em>parte de los resultados del VTJ2<\/em><\/strong><\/li>\n\n\n\n<li><strong>Paquete de v\u00eddeos<\/strong>: Un conjunto de dos resultados distintos: una gu\u00eda pr\u00e1ctica y un documental. La gu\u00eda pr\u00e1ctica pretende motivar a los j\u00f3venes con discapacidad visual para que realicen sus propias presentaciones de v\u00eddeo y se sientan m\u00e1s c\u00f3modos compartiendo su imagen como profesionales. Por otro lado, el documental pretende elevar las voces de los j\u00f3venes con discapacidad visual. Comparten la importancia de los espacios y pr\u00e1cticas accesibles, la inclusi\u00f3n y sus propias opiniones y experiencias. Adem\u00e1s, los j\u00f3venes con discapacidad visual eval\u00faan el proyecto VTJ2 y sus actividades, ofreciendo sus puntos de vista para proyectos futuros y similares <strong><em>parte de los resultados del VTJ2<\/em><\/strong><\/li>\n<\/ul>\n\n\n\n<p>Los resultados del VTJ2 est\u00e1n disponibles en ingl\u00e9s, franc\u00e9s, espa\u00f1ol, italiano y griego, mientras que los resultados del proyecto anterior tambi\u00e9n est\u00e1n disponibles en rumano.\u00a0 La WebApp tambi\u00e9n est\u00e1 disponible en polaco.<\/p>\n\n\n\n<h2 class=\"wp-block-heading has-white-color has-text-color has-background\" style=\"background-color:#0b9296\">Llamada a la acci\u00f3n<\/h2>\n\n\n\n<p>Aunque el proyecto ha finalizado, sus resultados est\u00e1n aqu\u00ed para quedarse y eres m\u00e1s que bienvenido a utilizarlos, integrarlos en tu trabajo y adaptarlos a tus necesidades.<br><br>Los socios del VTJ2 har\u00e1n todo lo posible para garantizar un acceso constante y gratuito a los resultados.<br><br>Si eres un empresario interesado en contratar a un joven con discapacidad visual, te invitamos a publicar tu oferta de trabajo en nuestra WebApp gratuita (<a href=\"https:\/\/webapp.viptechjob.eu\/\">https:\/\/webapp.viptechjob.eu\/<\/a>) y a consultar la Caja de herramientas de accesibilidad en <a href=\"https:\/\/toolbox.viptechjob.eu\/\">toolbox.viptechjob.eu<\/a>.<br><br>Si eres educador o una instituci\u00f3n educativa, no dudes en registrarte en las plataformas Moodle <a href=\"https:\/\/howto.viptechjob.eu\/\">howto<\/a> y <a href=\"https:\/\/toolbox.viptechjob.eu\/\">toolbox.viptechjob.eu<\/a> para comprobar nuestros resultados.<br><br>Si eres un joven con discapacidad visual, te sugerimos encarecidamente que eches un vistazo a todos los resultados.<br><br>Por favor, ponte en contacto con nosotros para sugerencias adicionales o futuras colaboraciones a trav\u00e9s del formulario de nuestro sitio web (<a href=\"http:\/\/www.viptechjob.eu\/\">www.viptechjob.eu<\/a>), <a href=\"https:\/\/www.facebook.com\/viptechjob\/\">facebook.com\/viptechjob<\/a> o por correo electr\u00f3nico a <a href=\"mailto:office@viewsinternational.eu\">office@viewsinternational.eu<\/a>.<\/p>\n\n\n\n<p class=\"has-background\" style=\"background-color:#cfdbe5\"><a href=\"https:\/\/docs.google.com\/presentation\/d\/1JEZVZg2l4k0y5zxRKGcJiwRxDnZwhzo4\/edit?usp=sharing&amp;ouid=112747352154963927051&amp;rtpof=true&amp;sd=true\">Descargar el bolet\u00edn<\/a> <em>(se abre en Google Presentation)<\/em><\/p>\n","protected":false},"excerpt":{"rendered":"<p>El proyecto &#8220;VIP-Tech-Job: Time 2 Act!&#8221; ha llegado a su fin \u00a1Bienvenidos a nuestro \u00faltimo bolet\u00edn sobre el VIP-Tech-Job: \u00a1Hora de Actuar 2! (VTJ2)! Tras dos a\u00f1os de intenso trabajo con una entusiasta comunidad de j\u00f3venes con discapacidad visual, educadores y formadores, por fin podemos compartir el acceso completo a todos los resultados y m\u00e9todos &#8230; <\/p>\n<p class=\"read-more-container\"><a title=\"VTJ2 Bolet\u00edn vol.5\" class=\"read-more button\" href=\"https:\/\/www.viptechjob.eu\/index.php\/2023\/05\/22\/vtj2-boletin-vol-5\/#more-1043\">Read more<span class=\"screen-reader-text\">VTJ2 Bolet\u00edn vol.5<\/span><\/a><\/p>\n","protected":false},"author":2,"featured_media":1034,"comment_status":"open","ping_status":"closed","sticky":false,"template":"","format":"standard","meta":{"goshiki_page_header":"","footnotes":""},"categories":[19],"tags":[23],"class_list":["post-1043","post","type-post","status-publish","format-standard","has-post-thumbnail","hentry","category-newsletters","tag-espanol","goshiki-columns","tablet-grid-50","mobile-grid-100","grid-parent","grid-50"],"yoast_head":"<!-- This site is optimized with the Yoast SEO plugin v27.4 - https:\/\/yoast.com\/product\/yoast-seo-wordpress\/ -->\r\n<title>VTJ2 Bolet\u00edn vol.5 - VIP Tech Job: Time 2 Act<\/title>\r\n<meta name=\"robots\" content=\"index, follow, max-snippet:-1, max-image-preview:large, max-video-preview:-1\" \/>\r\n<link rel=\"canonical\" href=\"https:\/\/www.viptechjob.eu\/index.php\/2023\/05\/22\/vtj2-boletin-vol-5\/\" \/>\r\n<meta property=\"og:locale\" content=\"en_US\" \/>\r\n<meta property=\"og:type\" content=\"article\" \/>\r\n<meta property=\"og:title\" content=\"VTJ2 Bolet\u00edn vol.5 - VIP Tech Job: Time 2 Act\" \/>\r\n<meta property=\"og:description\" content=\"El proyecto &#8220;VIP-Tech-Job: Time 2 Act!&#8221; ha llegado a su fin \u00a1Bienvenidos a nuestro \u00faltimo bolet\u00edn sobre el VIP-Tech-Job: \u00a1Hora de Actuar 2! (VTJ2)! Tras dos a\u00f1os de intenso trabajo con una entusiasta comunidad de j\u00f3venes con discapacidad visual, educadores y formadores, por fin podemos compartir el acceso completo a todos los resultados y m\u00e9todos ... Read moreVTJ2 Bolet\u00edn vol.5\" \/>\r\n<meta property=\"og:url\" content=\"https:\/\/www.viptechjob.eu\/index.php\/2023\/05\/22\/vtj2-boletin-vol-5\/\" \/>\r\n<meta property=\"og:site_name\" content=\"VIP Tech Job: Time 2 Act\" \/>\r\n<meta property=\"article:published_time\" content=\"2023-05-22T09:20:07+00:00\" \/>\r\n<meta property=\"article:modified_time\" content=\"2023-05-30T09:26:42+00:00\" \/>\r\n<meta property=\"og:image\" content=\"https:\/\/www.viptechjob.eu\/wp-content\/uploads\/2023\/05\/nl5-image-bw.png\" \/>\r\n\t<meta property=\"og:image:width\" content=\"496\" \/>\r\n\t<meta property=\"og:image:height\" content=\"150\" \/>\r\n\t<meta property=\"og:image:type\" content=\"image\/png\" \/>\r\n<meta name=\"author\" content=\"vipt2_4545ddf--\" \/>\r\n<meta name=\"twitter:card\" content=\"summary_large_image\" \/>\r\n<meta name=\"twitter:label1\" content=\"Written by\" \/>\n\t<meta name=\"twitter:data1\" content=\"vipt2_4545ddf--\" \/>\n\t<meta name=\"twitter:label2\" content=\"Est. reading time\" \/>\n\t<meta name=\"twitter:data2\" content=\"10 minutes\" \/>\r\n<script type=\"application\/ld+json\" class=\"yoast-schema-graph\">{\"@context\":\"https:\\\/\\\/schema.org\",\"@graph\":[{\"@type\":\"Article\",\"@id\":\"https:\\\/\\\/www.viptechjob.eu\\\/index.php\\\/2023\\\/05\\\/22\\\/vtj2-boletin-vol-5\\\/#article\",\"isPartOf\":{\"@id\":\"https:\\\/\\\/www.viptechjob.eu\\\/index.php\\\/2023\\\/05\\\/22\\\/vtj2-boletin-vol-5\\\/\"},\"author\":{\"name\":\"vipt2_4545ddf--\",\"@id\":\"https:\\\/\\\/www.viptechjob.eu\\\/#\\\/schema\\\/person\\\/09d1232b10eabdfba9c91ad7d4b32469\"},\"headline\":\"VTJ2 Bolet\u00edn vol.5\",\"datePublished\":\"2023-05-22T09:20:07+00:00\",\"dateModified\":\"2023-05-30T09:26:42+00:00\",\"mainEntityOfPage\":{\"@id\":\"https:\\\/\\\/www.viptechjob.eu\\\/index.php\\\/2023\\\/05\\\/22\\\/vtj2-boletin-vol-5\\\/\"},\"wordCount\":2044,\"commentCount\":0,\"image\":{\"@id\":\"https:\\\/\\\/www.viptechjob.eu\\\/index.php\\\/2023\\\/05\\\/22\\\/vtj2-boletin-vol-5\\\/#primaryimage\"},\"thumbnailUrl\":\"https:\\\/\\\/www.viptechjob.eu\\\/wp-content\\\/uploads\\\/2023\\\/05\\\/nl5-image-bw.png\",\"keywords\":[\"Espa\u00f1ol\"],\"articleSection\":[\"Newsletters\"],\"inLanguage\":\"en-US\",\"potentialAction\":[{\"@type\":\"CommentAction\",\"name\":\"Comment\",\"target\":[\"https:\\\/\\\/www.viptechjob.eu\\\/index.php\\\/2023\\\/05\\\/22\\\/vtj2-boletin-vol-5\\\/#respond\"]}]},{\"@type\":\"WebPage\",\"@id\":\"https:\\\/\\\/www.viptechjob.eu\\\/index.php\\\/2023\\\/05\\\/22\\\/vtj2-boletin-vol-5\\\/\",\"url\":\"https:\\\/\\\/www.viptechjob.eu\\\/index.php\\\/2023\\\/05\\\/22\\\/vtj2-boletin-vol-5\\\/\",\"name\":\"VTJ2 Bolet\u00edn vol.5 - VIP Tech Job: Time 2 Act\",\"isPartOf\":{\"@id\":\"https:\\\/\\\/www.viptechjob.eu\\\/#website\"},\"primaryImageOfPage\":{\"@id\":\"https:\\\/\\\/www.viptechjob.eu\\\/index.php\\\/2023\\\/05\\\/22\\\/vtj2-boletin-vol-5\\\/#primaryimage\"},\"image\":{\"@id\":\"https:\\\/\\\/www.viptechjob.eu\\\/index.php\\\/2023\\\/05\\\/22\\\/vtj2-boletin-vol-5\\\/#primaryimage\"},\"thumbnailUrl\":\"https:\\\/\\\/www.viptechjob.eu\\\/wp-content\\\/uploads\\\/2023\\\/05\\\/nl5-image-bw.png\",\"datePublished\":\"2023-05-22T09:20:07+00:00\",\"dateModified\":\"2023-05-30T09:26:42+00:00\",\"author\":{\"@id\":\"https:\\\/\\\/www.viptechjob.eu\\\/#\\\/schema\\\/person\\\/09d1232b10eabdfba9c91ad7d4b32469\"},\"breadcrumb\":{\"@id\":\"https:\\\/\\\/www.viptechjob.eu\\\/index.php\\\/2023\\\/05\\\/22\\\/vtj2-boletin-vol-5\\\/#breadcrumb\"},\"inLanguage\":\"en-US\",\"potentialAction\":[{\"@type\":\"ReadAction\",\"target\":[\"https:\\\/\\\/www.viptechjob.eu\\\/index.php\\\/2023\\\/05\\\/22\\\/vtj2-boletin-vol-5\\\/\"]}]},{\"@type\":\"ImageObject\",\"inLanguage\":\"en-US\",\"@id\":\"https:\\\/\\\/www.viptechjob.eu\\\/index.php\\\/2023\\\/05\\\/22\\\/vtj2-boletin-vol-5\\\/#primaryimage\",\"url\":\"https:\\\/\\\/www.viptechjob.eu\\\/wp-content\\\/uploads\\\/2023\\\/05\\\/nl5-image-bw.png\",\"contentUrl\":\"https:\\\/\\\/www.viptechjob.eu\\\/wp-content\\\/uploads\\\/2023\\\/05\\\/nl5-image-bw.png\",\"width\":496,\"height\":150},{\"@type\":\"BreadcrumbList\",\"@id\":\"https:\\\/\\\/www.viptechjob.eu\\\/index.php\\\/2023\\\/05\\\/22\\\/vtj2-boletin-vol-5\\\/#breadcrumb\",\"itemListElement\":[{\"@type\":\"ListItem\",\"position\":1,\"name\":\"Home\",\"item\":\"https:\\\/\\\/www.viptechjob.eu\\\/\"},{\"@type\":\"ListItem\",\"position\":2,\"name\":\"VTJ2 Bolet\u00edn vol.5\"}]},{\"@type\":\"WebSite\",\"@id\":\"https:\\\/\\\/www.viptechjob.eu\\\/#website\",\"url\":\"https:\\\/\\\/www.viptechjob.eu\\\/\",\"name\":\"VIP Tech Job: Time 2 Act\",\"description\":\"Time 2 Act!\",\"potentialAction\":[{\"@type\":\"SearchAction\",\"target\":{\"@type\":\"EntryPoint\",\"urlTemplate\":\"https:\\\/\\\/www.viptechjob.eu\\\/?s={search_term_string}\"},\"query-input\":{\"@type\":\"PropertyValueSpecification\",\"valueRequired\":true,\"valueName\":\"search_term_string\"}}],\"inLanguage\":\"en-US\"},{\"@type\":\"Person\",\"@id\":\"https:\\\/\\\/www.viptechjob.eu\\\/#\\\/schema\\\/person\\\/09d1232b10eabdfba9c91ad7d4b32469\",\"name\":\"vipt2_4545ddf--\",\"image\":{\"@type\":\"ImageObject\",\"inLanguage\":\"en-US\",\"@id\":\"https:\\\/\\\/secure.gravatar.com\\\/avatar\\\/82b25b4d3d024a628ed8e7ec08be2e50b2c168bb8dc285d7cc3b630d6156e091?s=96&d=mm&r=g\",\"url\":\"https:\\\/\\\/secure.gravatar.com\\\/avatar\\\/82b25b4d3d024a628ed8e7ec08be2e50b2c168bb8dc285d7cc3b630d6156e091?s=96&d=mm&r=g\",\"contentUrl\":\"https:\\\/\\\/secure.gravatar.com\\\/avatar\\\/82b25b4d3d024a628ed8e7ec08be2e50b2c168bb8dc285d7cc3b630d6156e091?s=96&d=mm&r=g\",\"caption\":\"vipt2_4545ddf--\"},\"url\":\"https:\\\/\\\/www.viptechjob.eu\\\/index.php\\\/author\\\/vipt2_4545ddf\\\/\"}]}<\/script>\r\n<!-- \/ Yoast SEO plugin. -->","yoast_head_json":{"title":"VTJ2 Bolet\u00edn vol.5 - VIP Tech Job: Time 2 Act","robots":{"index":"index","follow":"follow","max-snippet":"max-snippet:-1","max-image-preview":"max-image-preview:large","max-video-preview":"max-video-preview:-1"},"canonical":"https:\/\/www.viptechjob.eu\/index.php\/2023\/05\/22\/vtj2-boletin-vol-5\/","og_locale":"en_US","og_type":"article","og_title":"VTJ2 Bolet\u00edn vol.5 - VIP Tech Job: Time 2 Act","og_description":"El proyecto &#8220;VIP-Tech-Job: Time 2 Act!&#8221; ha llegado a su fin \u00a1Bienvenidos a nuestro \u00faltimo bolet\u00edn sobre el VIP-Tech-Job: \u00a1Hora de Actuar 2! (VTJ2)! Tras dos a\u00f1os de intenso trabajo con una entusiasta comunidad de j\u00f3venes con discapacidad visual, educadores y formadores, por fin podemos compartir el acceso completo a todos los resultados y m\u00e9todos ... Read moreVTJ2 Bolet\u00edn vol.5","og_url":"https:\/\/www.viptechjob.eu\/index.php\/2023\/05\/22\/vtj2-boletin-vol-5\/","og_site_name":"VIP Tech Job: Time 2 Act","article_published_time":"2023-05-22T09:20:07+00:00","article_modified_time":"2023-05-30T09:26:42+00:00","og_image":[{"width":496,"height":150,"url":"https:\/\/www.viptechjob.eu\/wp-content\/uploads\/2023\/05\/nl5-image-bw.png","type":"image\/png"}],"author":"vipt2_4545ddf--","twitter_card":"summary_large_image","twitter_misc":{"Written by":"vipt2_4545ddf--","Est. reading time":"10 minutes"},"schema":{"@context":"https:\/\/schema.org","@graph":[{"@type":"Article","@id":"https:\/\/www.viptechjob.eu\/index.php\/2023\/05\/22\/vtj2-boletin-vol-5\/#article","isPartOf":{"@id":"https:\/\/www.viptechjob.eu\/index.php\/2023\/05\/22\/vtj2-boletin-vol-5\/"},"author":{"name":"vipt2_4545ddf--","@id":"https:\/\/www.viptechjob.eu\/#\/schema\/person\/09d1232b10eabdfba9c91ad7d4b32469"},"headline":"VTJ2 Bolet\u00edn vol.5","datePublished":"2023-05-22T09:20:07+00:00","dateModified":"2023-05-30T09:26:42+00:00","mainEntityOfPage":{"@id":"https:\/\/www.viptechjob.eu\/index.php\/2023\/05\/22\/vtj2-boletin-vol-5\/"},"wordCount":2044,"commentCount":0,"image":{"@id":"https:\/\/www.viptechjob.eu\/index.php\/2023\/05\/22\/vtj2-boletin-vol-5\/#primaryimage"},"thumbnailUrl":"https:\/\/www.viptechjob.eu\/wp-content\/uploads\/2023\/05\/nl5-image-bw.png","keywords":["Espa\u00f1ol"],"articleSection":["Newsletters"],"inLanguage":"en-US","potentialAction":[{"@type":"CommentAction","name":"Comment","target":["https:\/\/www.viptechjob.eu\/index.php\/2023\/05\/22\/vtj2-boletin-vol-5\/#respond"]}]},{"@type":"WebPage","@id":"https:\/\/www.viptechjob.eu\/index.php\/2023\/05\/22\/vtj2-boletin-vol-5\/","url":"https:\/\/www.viptechjob.eu\/index.php\/2023\/05\/22\/vtj2-boletin-vol-5\/","name":"VTJ2 Bolet\u00edn vol.5 - VIP Tech Job: Time 2 Act","isPartOf":{"@id":"https:\/\/www.viptechjob.eu\/#website"},"primaryImageOfPage":{"@id":"https:\/\/www.viptechjob.eu\/index.php\/2023\/05\/22\/vtj2-boletin-vol-5\/#primaryimage"},"image":{"@id":"https:\/\/www.viptechjob.eu\/index.php\/2023\/05\/22\/vtj2-boletin-vol-5\/#primaryimage"},"thumbnailUrl":"https:\/\/www.viptechjob.eu\/wp-content\/uploads\/2023\/05\/nl5-image-bw.png","datePublished":"2023-05-22T09:20:07+00:00","dateModified":"2023-05-30T09:26:42+00:00","author":{"@id":"https:\/\/www.viptechjob.eu\/#\/schema\/person\/09d1232b10eabdfba9c91ad7d4b32469"},"breadcrumb":{"@id":"https:\/\/www.viptechjob.eu\/index.php\/2023\/05\/22\/vtj2-boletin-vol-5\/#breadcrumb"},"inLanguage":"en-US","potentialAction":[{"@type":"ReadAction","target":["https:\/\/www.viptechjob.eu\/index.php\/2023\/05\/22\/vtj2-boletin-vol-5\/"]}]},{"@type":"ImageObject","inLanguage":"en-US","@id":"https:\/\/www.viptechjob.eu\/index.php\/2023\/05\/22\/vtj2-boletin-vol-5\/#primaryimage","url":"https:\/\/www.viptechjob.eu\/wp-content\/uploads\/2023\/05\/nl5-image-bw.png","contentUrl":"https:\/\/www.viptechjob.eu\/wp-content\/uploads\/2023\/05\/nl5-image-bw.png","width":496,"height":150},{"@type":"BreadcrumbList","@id":"https:\/\/www.viptechjob.eu\/index.php\/2023\/05\/22\/vtj2-boletin-vol-5\/#breadcrumb","itemListElement":[{"@type":"ListItem","position":1,"name":"Home","item":"https:\/\/www.viptechjob.eu\/"},{"@type":"ListItem","position":2,"name":"VTJ2 Bolet\u00edn vol.5"}]},{"@type":"WebSite","@id":"https:\/\/www.viptechjob.eu\/#website","url":"https:\/\/www.viptechjob.eu\/","name":"VIP Tech Job: Time 2 Act","description":"Time 2 Act!","potentialAction":[{"@type":"SearchAction","target":{"@type":"EntryPoint","urlTemplate":"https:\/\/www.viptechjob.eu\/?s={search_term_string}"},"query-input":{"@type":"PropertyValueSpecification","valueRequired":true,"valueName":"search_term_string"}}],"inLanguage":"en-US"},{"@type":"Person","@id":"https:\/\/www.viptechjob.eu\/#\/schema\/person\/09d1232b10eabdfba9c91ad7d4b32469","name":"vipt2_4545ddf--","image":{"@type":"ImageObject","inLanguage":"en-US","@id":"https:\/\/secure.gravatar.com\/avatar\/82b25b4d3d024a628ed8e7ec08be2e50b2c168bb8dc285d7cc3b630d6156e091?s=96&d=mm&r=g","url":"https:\/\/secure.gravatar.com\/avatar\/82b25b4d3d024a628ed8e7ec08be2e50b2c168bb8dc285d7cc3b630d6156e091?s=96&d=mm&r=g","contentUrl":"https:\/\/secure.gravatar.com\/avatar\/82b25b4d3d024a628ed8e7ec08be2e50b2c168bb8dc285d7cc3b630d6156e091?s=96&d=mm&r=g","caption":"vipt2_4545ddf--"},"url":"https:\/\/www.viptechjob.eu\/index.php\/author\/vipt2_4545ddf\/"}]}},"_links":{"self":[{"href":"https:\/\/www.viptechjob.eu\/index.php\/wp-json\/wp\/v2\/post\/1043","targetHints":{"allow":["GET"]}}],"collection":[{"href":"https:\/\/www.viptechjob.eu\/index.php\/wp-json\/wp\/v2\/post"}],"about":[{"href":"https:\/\/www.viptechjob.eu\/index.php\/wp-json\/wp\/v2\/types\/post"}],"author":[{"embeddable":true,"href":"https:\/\/www.viptechjob.eu\/index.php\/wp-json\/wp\/v2\/users\/2"}],"replies":[{"embeddable":true,"href":"https:\/\/www.viptechjob.eu\/index.php\/wp-json\/wp\/v2\/comments?post=1043"}],"version-history":[{"count":1,"href":"https:\/\/www.viptechjob.eu\/index.php\/wp-json\/wp\/v2\/post\/1043\/revisions"}],"predecessor-version":[{"id":1044,"href":"https:\/\/www.viptechjob.eu\/index.php\/wp-json\/wp\/v2\/post\/1043\/revisions\/1044"}],"wp:featuredmedia":[{"embeddable":true,"href":"https:\/\/www.viptechjob.eu\/index.php\/wp-json\/wp\/v2\/media\/1034"}],"wp:attachment":[{"href":"https:\/\/www.viptechjob.eu\/index.php\/wp-json\/wp\/v2\/media?parent=1043"}],"wp:term":[{"taxonomy":"category","embeddable":true,"href":"https:\/\/www.viptechjob.eu\/index.php\/wp-json\/wp\/v2\/categories?post=1043"},{"taxonomy":"post_tag","embeddable":true,"href":"https:\/\/www.viptechjob.eu\/index.php\/wp-json\/wp\/v2\/tags?post=1043"}],"curies":[{"name":"wp","href":"https:\/\/api.w.org\/{rel}","templated":true}]}}